{"id":2819,"date":"2023-04-30T15:20:08","date_gmt":"2023-04-30T15:20:08","guid":{"rendered":"https:\/\/servir.de\/?p=2819"},"modified":"2023-04-30T15:28:09","modified_gmt":"2023-04-30T15:28:09","slug":"pakistan-und-ukraine-unsere-spendenerfolge-2022","status":"publish","type":"post","link":"https:\/\/servir.de\/?p=2819","title":{"rendered":"Pakistan und Ukraine &#8211; Unsere Spendenerfolge 2022"},"content":{"rendered":"\n<p>Durch den schockierenden Kriegsausbruch in der Ukraine am 24. Februar 2022 begannen unsere j\u00e4hrlichen Spendenaktivit\u00e4ten fr\u00fcher als sonst. Alle ungebundenen Spendeneinnahmen, die wir in diesem Zeitraum verzeichnen konnten, widmeten wir um. Au\u00dferdem verkauften flei\u00dfige Unterst\u00fctzerinnen und Unterst\u00fctzer Kuchen und Waffeln in au\u00dferordentlichen Aktionen. Dank unseren guten Erfahrungen mit Don Bosco hatten wir schnell die Entscheidung getroffen, auch dieses Mal deren Mission vor Ort zu unterst\u00fctzen.<\/p>\n\n\n\n<p>Hier ein paar Impressionen der Arbeit von Don Bosco in der Ukraine:<\/p>\n\n\n\n<figure class=\"wp-block-image size-large\"><img loading=\"lazy\" decoding=\"async\" width=\"1024\" height=\"731\" src=\"https:\/\/servir.de\/wordpress\/wp-content\/uploads\/2023\/04\/Upload-2022-UKR-Lemberg-Baeckerei-c-Vsevolod-Kazarin_10-1024x731.jpg\" alt=\"\" class=\"wp-image-2844\" srcset=\"https:\/\/servir.de\/wordpress\/wp-content\/uploads\/2023\/04\/Upload-2022-UKR-Lemberg-Baeckerei-c-Vsevolod-Kazarin_10-1024x731.jpg 1024w, https:\/\/servir.de\/wordpress\/wp-content\/uploads\/2023\/04\/Upload-2022-UKR-Lemberg-Baeckerei-c-Vsevolod-Kazarin_10-300x214.jpg 300w, https:\/\/servir.de\/wordpress\/wp-content\/uploads\/2023\/04\/Upload-2022-UKR-Lemberg-Baeckerei-c-Vsevolod-Kazarin_10-768x548.jpg 768w, https:\/\/servir.de\/wordpress\/wp-content\/uploads\/2023\/04\/Upload-2022-UKR-Lemberg-Baeckerei-c-Vsevolod-Kazarin_10-1536x1097.jpg 1536w, https:\/\/servir.de\/wordpress\/wp-content\/uploads\/2023\/04\/Upload-2022-UKR-Lemberg-Baeckerei-c-Vsevolod-Kazarin_10-2048x1462.jpg 2048w, https:\/\/servir.de\/wordpress\/wp-content\/uploads\/2023\/04\/Upload-2022-UKR-Lemberg-Baeckerei-c-Vsevolod-Kazarin_10-676x483.jpg 676w\" sizes=\"(max-width: 1024px) 100vw, 1024px\" \/><figcaption class=\"wp-element-caption\">Copyright: Don Bosco Mission Bonn\/Vsevolod Kazarin<\/figcaption><\/figure>\n\n\n\n<figure class=\"wp-block-image size-large\"><img loading=\"lazy\" decoding=\"async\" width=\"1024\" height=\"731\" src=\"https:\/\/servir.de\/wordpress\/wp-content\/uploads\/2023\/04\/Upload-2022-UKR-Lemberg-Fluechtlinge-c-Vsevolod-Kazarin_131-1024x731.jpg\" alt=\"\" class=\"wp-image-2843\" srcset=\"https:\/\/servir.de\/wordpress\/wp-content\/uploads\/2023\/04\/Upload-2022-UKR-Lemberg-Fluechtlinge-c-Vsevolod-Kazarin_131-1024x731.jpg 1024w, https:\/\/servir.de\/wordpress\/wp-content\/uploads\/2023\/04\/Upload-2022-UKR-Lemberg-Fluechtlinge-c-Vsevolod-Kazarin_131-300x214.jpg 300w, https:\/\/servir.de\/wordpress\/wp-content\/uploads\/2023\/04\/Upload-2022-UKR-Lemberg-Fluechtlinge-c-Vsevolod-Kazarin_131-768x548.jpg 768w, https:\/\/servir.de\/wordpress\/wp-content\/uploads\/2023\/04\/Upload-2022-UKR-Lemberg-Fluechtlinge-c-Vsevolod-Kazarin_131-1536x1097.jpg 1536w, https:\/\/servir.de\/wordpress\/wp-content\/uploads\/2023\/04\/Upload-2022-UKR-Lemberg-Fluechtlinge-c-Vsevolod-Kazarin_131-2048x1462.jpg 2048w, https:\/\/servir.de\/wordpress\/wp-content\/uploads\/2023\/04\/Upload-2022-UKR-Lemberg-Fluechtlinge-c-Vsevolod-Kazarin_131-676x483.jpg 676w\" sizes=\"(max-width: 1024px) 100vw, 1024px\" \/><figcaption class=\"wp-element-caption\">Copyright: Don Bosco Mission Bonn\/Vsevolod Kazarin<\/figcaption><\/figure>\n\n\n\n<p>Der November 2022 stand wieder im Zeichen eines au\u00dferordentlichen Anliegens: In Pakistan  hatten extreme \u00dcberschwemmungen gro\u00dfen Schaden insbesondere in den Regionen Beluchistan und Sindh angerichtet. Die Folgen der Flut, die im Juni mit den Monsunregenf\u00e4llen begonnen hatte, waren \u00fcber mehrere Monate sp\u00fcrbar. Um die <a href=\"https:\/\/www.bpb.de\/kurz-knapp\/hintergrund-aktuell\/514557\/flutkatastrophe-in-pakistan\/\">1.700 Menschen verloren ihr Leben<\/a> und Millionen weitere ihre Hab und Gut. Wieder war es dank der gro\u00dfen Unterst\u00fctzung durch die Schulgemeinschaft m\u00f6glich, Spenden zu sammeln: durch den <a href=\"https:\/\/servir.de\/?page_id=455\">Getr\u00e4nke-<\/a> und <a href=\"https:\/\/servir.de\/?page_id=453\">Kuchenverkauf<\/a>, die j\u00e4hrliche Aktion \u201c<a href=\"https:\/\/servir.de\/?page_id=431#\">Lenne-Kaffee<\/a>\u201d und .<\/p>\n\n\n\n<p>Wir freuen uns daher, dass wir Don Bosco in Pakistan mit<strong> 5.000 Euro <\/strong>Spenden unterst\u00fctzen konnten. Die Mission der Salesianer konnte vor Ort an die 125 Familien und darunter insgesamt ca. 400 Kinder mit ihren Nothilfema\u00dfnahmen erreichen.  <\/p>\n\n\n\n<p>Wir bedanken uns bei allen, die zu den Spendenaktionen beigetragen haben, ganz herzlich!<\/p>\n","protected":false},"excerpt":{"rendered":"<p>Durch den schockierenden Kriegsausbruch in der Ukraine am 24. Februar 2022 begannen unsere j\u00e4hrlichen Spendenaktivit\u00e4ten fr\u00fcher als sonst. Alle ungebundenen Spendeneinnahmen, die wir in diesem Zeitraum verzeichnen konnten, widmeten wir um. Au\u00dferdem verkauften flei\u00dfige Unterst\u00fctzerinnen und Unterst\u00fctzer Kuchen und Waffeln in au\u00dferordentlichen Aktionen. Dank unseren guten Erfahrungen mit Don Bosco hatten wir schnell die Entscheidung [&hellip;]<\/p>\n","protected":false},"author":8,"featured_media":2847,"comment_status":"closed","ping_status":"closed","sticky":false,"template":"","format":"standard","meta":{"ngg_post_thumbnail":0,"footnotes":""},"categories":[11],"tags":[83,82,84,80,64,79,81],"_links":{"self":[{"href":"https:\/\/servir.de\/index.php?rest_route=\/wp\/v2\/posts\/2819"}],"collection":[{"href":"https:\/\/servir.de\/index.php?rest_route=\/wp\/v2\/posts"}],"about":[{"href":"https:\/\/servir.de\/index.php?rest_route=\/wp\/v2\/types\/post"}],"author":[{"embeddable":true,"href":"https:\/\/servir.de\/index.php?rest_route=\/wp\/v2\/users\/8"}],"replies":[{"embeddable":true,"href":"https:\/\/servir.de\/index.php?rest_route=%2Fwp%2Fv2%2Fcomments&post=2819"}],"version-history":[{"count":5,"href":"https:\/\/servir.de\/index.php?rest_route=\/wp\/v2\/posts\/2819\/revisions"}],"predecessor-version":[{"id":2848,"href":"https:\/\/servir.de\/index.php?rest_route=\/wp\/v2\/posts\/2819\/revisions\/2848"}],"wp:featuredmedia":[{"embeddable":true,"href":"https:\/\/servir.de\/index.php?rest_route=\/wp\/v2\/media\/2847"}],"wp:attachment":[{"href":"https:\/\/servir.de\/index.php?rest_route=%2Fwp%2Fv2%2Fmedia&parent=2819"}],"wp:term":[{"taxonomy":"category","embeddable":true,"href":"https:\/\/servir.de\/index.php?rest_route=%2Fwp%2Fv2%2Fcategories&post=2819"},{"taxonomy":"post_tag","embeddable":true,"href":"https:\/\/servir.de\/index.php?rest_route=%2Fwp%2Fv2%2Ftags&post=2819"}],"curies":[{"name":"wp","href":"https:\/\/api.w.org\/{rel}","templated":true}]}}