{"id":2517,"date":"2020-12-21T15:10:09","date_gmt":"2020-12-21T15:10:09","guid":{"rendered":"https:\/\/servir.de\/?p=2517"},"modified":"2021-03-21T13:22:41","modified_gmt":"2021-03-21T13:22:41","slug":"wir-jubilieren-35-jahre-servir","status":"publish","type":"post","link":"https:\/\/servir.de\/?p=2517","title":{"rendered":"Wir jubilieren! 35 Jahre Servir"},"content":{"rendered":"\n<p>Seit 1985 setzen sich Lehrerinnen und Lehrer des Gymnasiums Maria K\u00f6nigin gemeinsam mit Sch\u00fclerinnen und Sch\u00fclern f\u00fcr die &#8220;Eine Welt&#8221; ein. Die Arbeitsgemeinschaft Servir wurde in jenem Jahr im Dezember auf einer Weihnachtsfeier gegr\u00fcndet. Vieles wurde seither geschafft, wenn auch nicht jedes Engagement ohne H\u00fcrden verlief.<\/p>\n\n\n\n<figure class=\"wp-block-image size-large is-resized is-style-default\"><img loading=\"lazy\" decoding=\"async\" src=\"https:\/\/servir.de\/wordpress\/wp-content\/uploads\/2018\/10\/servir-5.png\" alt=\"\" class=\"wp-image-355\" width=\"450\" height=\"245\" srcset=\"https:\/\/servir.de\/wordpress\/wp-content\/uploads\/2018\/10\/servir-5.png 450w, https:\/\/servir.de\/wordpress\/wp-content\/uploads\/2018\/10\/servir-5-300x163.png 300w\" sizes=\"(max-width: 450px) 100vw, 450px\" \/><\/figure>\n\n\n\n<p><strong>Menschen im Servir<\/strong><\/p>\n\n\n\n<p>Die meisten<a href=\"https:\/\/servir.de\/?page_id=479\" data-type=\"URL\" data-id=\"https:\/\/servir.de\/?page_id=479\"> Freundinnen und Freunde des Servir<\/a> verbinden diese Zeit insbesondere mit den Menschen, die das Projekt ma\u00dfgeblich gepr\u00e4gt haben:  Allen voran das Urgestein und Gr\u00fcndungsmitglied Werner Liesmann, der bisher noch auf jeder Begegnungsfahrt dabei war und auch in seiner Rentenzeit nicht m\u00fcde wird, die Arbeit des Servir zu unterst\u00fctzen. <\/p>\n\n\n\n<figure class=\"wp-block-image size-large\"><a href=\"https:\/\/servir.de\/?page_id=560\"><img loading=\"lazy\" decoding=\"async\" width=\"800\" height=\"533\" src=\"https:\/\/servir.de\/wordpress\/wp-content\/uploads\/2018\/10\/werner.jpg\" alt=\"\" class=\"wp-image-371\" srcset=\"https:\/\/servir.de\/wordpress\/wp-content\/uploads\/2018\/10\/werner.jpg 800w, https:\/\/servir.de\/wordpress\/wp-content\/uploads\/2018\/10\/werner-300x200.jpg 300w, https:\/\/servir.de\/wordpress\/wp-content\/uploads\/2018\/10\/werner-768x512.jpg 768w, https:\/\/servir.de\/wordpress\/wp-content\/uploads\/2018\/10\/werner-676x450.jpg 676w\" sizes=\"(max-width: 800px) 100vw, 800px\" \/><\/a><figcaption>Werner in Aktion<\/figcaption><\/figure>\n\n\n\n<p>Die zweite Schl\u00fcsselperson setzte an MK die M\u00fchlen des Austauschs und der Reflektion in Gang: Der inzwischen verstorbene Bischof Anselmo M\u00fcller, Bischof der Di\u00f6zese Janu\u00e1ria in Brasilien. Einige Monate vor der Gr\u00fcndung der Arbeitsgemeinschaft Servir hatte er im Rahmen eines Besuchs <a href=\"https:\/\/servir.de\/?page_id=681\" data-type=\"URL\" data-id=\"https:\/\/servir.de\/?page_id=681\">nachhaltigen Eindruck hinterlassen<\/a> und aufgezeigt, wo in seiner Dioz\u00f6se gro\u00dfe Not herrschte, aber auch Handlungsspielraum f\u00fcr ein Engagement in Deutschland vorhanden war. <\/p>\n\n\n\n<figure class=\"wp-block-image size-large\"><img loading=\"lazy\" decoding=\"async\" width=\"1024\" height=\"577\" src=\"https:\/\/servir.de\/wordpress\/wp-content\/uploads\/2019\/03\/DomAnselmo-1024x577.jpg\" alt=\"\" class=\"wp-image-1964\" srcset=\"https:\/\/servir.de\/wordpress\/wp-content\/uploads\/2019\/03\/DomAnselmo-1024x577.jpg 1024w, https:\/\/servir.de\/wordpress\/wp-content\/uploads\/2019\/03\/DomAnselmo-300x169.jpg 300w, https:\/\/servir.de\/wordpress\/wp-content\/uploads\/2019\/03\/DomAnselmo-768x433.jpg 768w, https:\/\/servir.de\/wordpress\/wp-content\/uploads\/2019\/03\/DomAnselmo-676x381.jpg 676w, https:\/\/servir.de\/wordpress\/wp-content\/uploads\/2019\/03\/DomAnselmo.jpg 1808w\" sizes=\"(max-width: 1024px) 100vw, 1024px\" \/><figcaption>&#8220;Bispo&#8221; Anselmo M\u00fcller, <\/figcaption><\/figure>\n\n\n\n<p>In den Folgejahren war der Bischof derjenige, der die F\u00e4den der Projekte in <a href=\"https:\/\/servir.de\/?page_id=384\">Janu\u00e1ria<\/a> und <a href=\"https:\/\/servir.de\/?page_id=562\" data-type=\"URL\" data-id=\"https:\/\/servir.de\/?page_id=562\">Quebra Guiada<\/a> in der Hand hielt und einen sehr guten Austausch mit dem Servir in Lennestadt pflegte. Nach dem Tod von Anselmo M\u00fcller vor fast zehn Jahren und sp\u00e4ter folgenden politischen Verwerfungen musste der Servir e.V. seinen Fokus von den bisherigen Herzst\u00fccken <a href=\"https:\/\/servir.de\/?page_id=558\" data-type=\"URL\" data-id=\"https:\/\/servir.de\/?page_id=558\">Servir<\/a> und <a href=\"https:\/\/servir.de\/?page_id=560\">Pequeno Davi<\/a> ablassen und neue Wege des Engagements finden.<\/p>\n\n\n\n<p>Der dann entstehende Kontakt mit <a href=\"https:\/\/servir.de\/?page_id=386\" data-type=\"URL\" data-id=\"https:\/\/servir.de\/?page_id=386\">Kenia<\/a> war ein willkommenes Geschenk. F\u00fcr die neue Projekt-Generation stehen nun Schwester Ancy und ihre Mitschwestern des Ordens der Schwestern Mariens von der Unbefleckten Empf\u00e4ngnis, die die <a href=\"https:\/\/servir.de\/wordpress\/?page_id=1666\" data-type=\"URL\" data-id=\"https:\/\/servir.de\/wordpress\/?page_id=1666\">Grundschule in Pundamilia<\/a> aufbauen und leiten.<\/p>\n\n\n\n<figure class=\"wp-block-image size-large\"><a href=\"https:\/\/servir.de\/?page_id=1820\"><img loading=\"lazy\" decoding=\"async\" width=\"640\" height=\"480\" src=\"https:\/\/servir.de\/wordpress\/wp-content\/uploads\/2019\/09\/IMG_20190815_144808.jpg\" alt=\"\" class=\"wp-image-2401\" srcset=\"https:\/\/servir.de\/wordpress\/wp-content\/uploads\/2019\/09\/IMG_20190815_144808.jpg 640w, https:\/\/servir.de\/wordpress\/wp-content\/uploads\/2019\/09\/IMG_20190815_144808-300x225.jpg 300w\" sizes=\"(max-width: 640px) 100vw, 640px\" \/><\/a><figcaption>Die Schwestern in Pundamilia mit Besuch aus Deutschland<\/figcaption><\/figure>\n\n\n\n<p>Wir freuen uns, in Pundamilia weiter wertvolle Unterst\u00fctzung leisten zu k\u00f6nnen und in den kommenden Jahren relevante Aktivit\u00e4ten f\u00fcr den Austausch zwischen MK und der Schule in Pundamilia auszubauen.<\/p>\n\n\n\n<p><strong>Bildungsarbeit am Gymnasium Maria K\u00f6nigin<\/strong><\/p>\n\n\n\n<p>Neben den Projekten vor Ort steht als wichtige S\u00e4ule die <a href=\"https:\/\/servir.de\/?page_id=387\" data-type=\"URL\" data-id=\"https:\/\/servir.de\/?page_id=387\">Bildungsarbeit an Maria K\u00f6nigin<\/a>. Im <a href=\"https:\/\/servir.de\/?page_id=477\" data-type=\"URL\" data-id=\"https:\/\/servir.de\/?page_id=477\">Laufe von fast zwei Generationen<\/a> kann sich die Bilanz durchaus sehen lassen. Nach nunmehr f\u00fcnf Begegnungsfahrten nach Brasilien, weiteren Erkundungsfahrten nach Kenia, tausenden verkauften <a href=\"https:\/\/servir.de\/?page_id=431\" data-type=\"URL\" data-id=\"https:\/\/servir.de\/?page_id=431\">Kaffeep\u00e4ckchen<\/a>, geernteten <a href=\"https:\/\/servir.de\/?page_id=450\" data-type=\"URL\" data-id=\"https:\/\/servir.de\/?page_id=450\">\u00c4pfeln <\/a>und gen\u00e4hten <a href=\"https:\/\/servir.de\/?page_id=461\" data-type=\"URL\" data-id=\"https:\/\/servir.de\/?page_id=461\">T\u00e4schchen<\/a>, diversen Lerneinheiten zu Themen der Einen Welt  und unz\u00e4hligen Vertretungsstunden in der <a href=\"https:\/\/servir.de\/?page_id=448\" data-type=\"URL\" data-id=\"https:\/\/servir.de\/?page_id=448\">Alu-Scheune<\/a>, in denen noch mehr Kerzen &#8220;gedr\u00fcckt&#8221; wurden, steht fest: Servir hat vielen Sch\u00fcler*innen mehr als nur <a href=\"https:\/\/servir.de\/?page_id=453\" data-type=\"URL\" data-id=\"https:\/\/servir.de\/?page_id=453\">mittwochs frischen Kuchen<\/a> gebracht.  <\/p>\n\n\n\n<p>Die Bildungsarbeit des Servir an Maria K\u00f6nigin hat Sch\u00fclerinnen und Sch\u00fclern Denkanst\u00f6\u00dfe gegeben. Sie konnten durch aktive Teilnahme und praktische Erfahrungen lernen, dass sie als Individuen nicht unt\u00e4tig bleiben m\u00fcssen, sondern <a href=\"https:\/\/servir.de\/?page_id=38\" data-type=\"URL\" data-id=\"https:\/\/servir.de\/?page_id=38\">jede und jeder einen Beitrag zu mehr globaler Gerechtigkeit leisten kann<\/a>.  F\u00fcr viele war dies in ihrer Entwicklung einer Perspektive auf die Welt handlungsleitend &#8211; in der Schule, wo viele Stunden engagierte Arbeit geleistet wurden, sowie nach dem Schulabschluss, bei der Studien- und Berufswahl und im fortlaufenden ehrenamtlichen Engagement.<\/p>\n\n\n\n<div class=\"wp-block-group\"><div class=\"wp-block-group__inner-container is-layout-flow wp-block-group-is-layout-flow\">\n<figure class=\"wp-block-gallery columns-3 is-cropped wp-block-gallery-1 is-layout-flex wp-block-gallery-is-layout-flex\"><ul class=\"blocks-gallery-grid\"><li class=\"blocks-gallery-item\"><figure><img loading=\"lazy\" decoding=\"async\" width=\"358\" height=\"416\" src=\"https:\/\/servir.de\/wordpress\/wp-content\/uploads\/2018\/11\/Obst15-1.jpg\" alt=\"\" data-id=\"1379\" data-full-url=\"https:\/\/servir.de\/wordpress\/wp-content\/uploads\/2018\/11\/Obst15-1.jpg\" data-link=\"https:\/\/servir.de\/?attachment_id=1379\" class=\"wp-image-1379\" srcset=\"https:\/\/servir.de\/wordpress\/wp-content\/uploads\/2018\/11\/Obst15-1.jpg 358w, https:\/\/servir.de\/wordpress\/wp-content\/uploads\/2018\/11\/Obst15-1-258x300.jpg 258w\" sizes=\"(max-width: 358px) 100vw, 358px\" \/><\/figure><\/li><li class=\"blocks-gallery-item\"><figure><img loading=\"lazy\" decoding=\"async\" width=\"1024\" height=\"683\" src=\"https:\/\/servir.de\/wordpress\/wp-content\/uploads\/2018\/11\/0018Servirtag-1024x683.jpg\" alt=\"\" data-id=\"1442\" data-full-url=\"https:\/\/servir.de\/wordpress\/wp-content\/uploads\/2018\/11\/0018Servirtag.jpg\" data-link=\"https:\/\/servir.de\/?attachment_id=1442\" class=\"wp-image-1442\" srcset=\"https:\/\/servir.de\/wordpress\/wp-content\/uploads\/2018\/11\/0018Servirtag-1024x683.jpg 1024w, https:\/\/servir.de\/wordpress\/wp-content\/uploads\/2018\/11\/0018Servirtag-300x200.jpg 300w, https:\/\/servir.de\/wordpress\/wp-content\/uploads\/2018\/11\/0018Servirtag-768x512.jpg 768w, https:\/\/servir.de\/wordpress\/wp-content\/uploads\/2018\/11\/0018Servirtag-676x451.jpg 676w, https:\/\/servir.de\/wordpress\/wp-content\/uploads\/2018\/11\/0018Servirtag.jpg 1500w\" sizes=\"(max-width: 1024px) 100vw, 1024px\" \/><\/figure><\/li><li class=\"blocks-gallery-item\"><figure><img loading=\"lazy\" decoding=\"async\" width=\"768\" height=\"1024\" src=\"https:\/\/servir.de\/wordpress\/wp-content\/uploads\/2018\/11\/Foto-07.11.18-09-20-13-768x1024.jpg\" alt=\"\" data-id=\"1479\" data-full-url=\"https:\/\/servir.de\/wordpress\/wp-content\/uploads\/2018\/11\/Foto-07.11.18-09-20-13.jpg\" data-link=\"https:\/\/servir.de\/?attachment_id=1479\" class=\"wp-image-1479\" srcset=\"https:\/\/servir.de\/wordpress\/wp-content\/uploads\/2018\/11\/Foto-07.11.18-09-20-13-768x1024.jpg 768w, https:\/\/servir.de\/wordpress\/wp-content\/uploads\/2018\/11\/Foto-07.11.18-09-20-13-225x300.jpg 225w, https:\/\/servir.de\/wordpress\/wp-content\/uploads\/2018\/11\/Foto-07.11.18-09-20-13-676x901.jpg 676w\" sizes=\"(max-width: 768px) 100vw, 768px\" \/><\/figure><\/li><li class=\"blocks-gallery-item\"><figure><img loading=\"lazy\" decoding=\"async\" width=\"912\" height=\"304\" src=\"https:\/\/servir.de\/wordpress\/wp-content\/uploads\/2019\/03\/Lennekaffee-schmal.jpg\" alt=\"\" data-id=\"2037\" data-full-url=\"https:\/\/servir.de\/wordpress\/wp-content\/uploads\/2019\/03\/Lennekaffee-schmal.jpg\" data-link=\"https:\/\/servir.de\/?attachment_id=2037\" class=\"wp-image-2037\" srcset=\"https:\/\/servir.de\/wordpress\/wp-content\/uploads\/2019\/03\/Lennekaffee-schmal.jpg 912w, https:\/\/servir.de\/wordpress\/wp-content\/uploads\/2019\/03\/Lennekaffee-schmal-300x100.jpg 300w, https:\/\/servir.de\/wordpress\/wp-content\/uploads\/2019\/03\/Lennekaffee-schmal-768x256.jpg 768w, https:\/\/servir.de\/wordpress\/wp-content\/uploads\/2019\/03\/Lennekaffee-schmal-676x225.jpg 676w\" sizes=\"(max-width: 912px) 100vw, 912px\" \/><\/figure><\/li><li class=\"blocks-gallery-item\"><figure><img loading=\"lazy\" decoding=\"async\" width=\"768\" height=\"1024\" src=\"https:\/\/servir.de\/wordpress\/wp-content\/uploads\/2020\/10\/IMG_20201008_123126-768x1024.jpg\" alt=\"\" data-id=\"2509\" data-full-url=\"https:\/\/servir.de\/wordpress\/wp-content\/uploads\/2020\/10\/IMG_20201008_123126-scaled.jpg\" data-link=\"https:\/\/servir.de\/?attachment_id=2509\" class=\"wp-image-2509\" srcset=\"https:\/\/servir.de\/wordpress\/wp-content\/uploads\/2020\/10\/IMG_20201008_123126-768x1024.jpg 768w, https:\/\/servir.de\/wordpress\/wp-content\/uploads\/2020\/10\/IMG_20201008_123126-225x300.jpg 225w, https:\/\/servir.de\/wordpress\/wp-content\/uploads\/2020\/10\/IMG_20201008_123126-1152x1536.jpg 1152w, https:\/\/servir.de\/wordpress\/wp-content\/uploads\/2020\/10\/IMG_20201008_123126-1536x2048.jpg 1536w, https:\/\/servir.de\/wordpress\/wp-content\/uploads\/2020\/10\/IMG_20201008_123126-676x901.jpg 676w, https:\/\/servir.de\/wordpress\/wp-content\/uploads\/2020\/10\/IMG_20201008_123126-scaled.jpg 1920w\" sizes=\"(max-width: 768px) 100vw, 768px\" \/><\/figure><\/li><li class=\"blocks-gallery-item\"><figure><img loading=\"lazy\" decoding=\"async\" width=\"800\" height=\"533\" src=\"https:\/\/servir.de\/wordpress\/wp-content\/uploads\/2018\/09\/IMG_0654.jpg\" alt=\"\" data-id=\"198\" data-full-url=\"https:\/\/servir.de\/wordpress\/wp-content\/uploads\/2018\/09\/IMG_0654.jpg\" data-link=\"https:\/\/servir.de\/?attachment_id=198\" class=\"wp-image-198\" srcset=\"https:\/\/servir.de\/wordpress\/wp-content\/uploads\/2018\/09\/IMG_0654.jpg 800w, https:\/\/servir.de\/wordpress\/wp-content\/uploads\/2018\/09\/IMG_0654-300x200.jpg 300w, https:\/\/servir.de\/wordpress\/wp-content\/uploads\/2018\/09\/IMG_0654-768x512.jpg 768w, https:\/\/servir.de\/wordpress\/wp-content\/uploads\/2018\/09\/IMG_0654-676x450.jpg 676w\" sizes=\"(max-width: 800px) 100vw, 800px\" \/><\/figure><\/li><li class=\"blocks-gallery-item\"><figure><img loading=\"lazy\" decoding=\"async\" width=\"1000\" height=\"667\" src=\"https:\/\/servir.de\/wordpress\/wp-content\/uploads\/2019\/06\/4.jpg\" alt=\"\" data-id=\"2387\" data-full-url=\"https:\/\/servir.de\/wordpress\/wp-content\/uploads\/2019\/06\/4.jpg\" data-link=\"https:\/\/servir.de\/?attachment_id=2387\" class=\"wp-image-2387\" srcset=\"https:\/\/servir.de\/wordpress\/wp-content\/uploads\/2019\/06\/4.jpg 1000w, https:\/\/servir.de\/wordpress\/wp-content\/uploads\/2019\/06\/4-300x200.jpg 300w, https:\/\/servir.de\/wordpress\/wp-content\/uploads\/2019\/06\/4-768x512.jpg 768w, https:\/\/servir.de\/wordpress\/wp-content\/uploads\/2019\/06\/4-676x451.jpg 676w\" sizes=\"(max-width: 1000px) 100vw, 1000px\" \/><\/figure><\/li><li class=\"blocks-gallery-item\"><figure><img loading=\"lazy\" decoding=\"async\" width=\"200\" height=\"209\" src=\"https:\/\/servir.de\/wordpress\/wp-content\/uploads\/2018\/11\/sortier.jpg\" alt=\"\" data-id=\"853\" data-full-url=\"https:\/\/servir.de\/wordpress\/wp-content\/uploads\/2018\/11\/sortier.jpg\" data-link=\"https:\/\/servir.de\/?attachment_id=853\" class=\"wp-image-853\"\/><\/figure><\/li><\/ul><figcaption class=\"blocks-gallery-caption\">Ohne den Einsatz der Sch\u00fclerinnen und Sch\u00fcler ist der Servir nicht denkbar<\/figcaption><\/figure>\n<\/div><\/div>\n\n\n\n<p>In diesem Sinne: <strong>&#8220;Gratulation und ein gro\u00dfes Dankesch\u00f6n allen, die am Projekt mitgeholfen haben&#8221;<\/strong> (Werner Liesmann)!<\/p>\n","protected":false},"excerpt":{"rendered":"<p>Seit 1985 setzen sich Lehrerinnen und Lehrer des Gymnasiums Maria K\u00f6nigin gemeinsam mit Sch\u00fclerinnen und Sch\u00fclern f\u00fcr die &#8220;Eine Welt&#8221; ein. Die Arbeitsgemeinschaft Servir wurde in jenem Jahr im Dezember auf einer Weihnachtsfeier gegr\u00fcndet. Vieles wurde seither geschafft, wenn auch nicht jedes Engagement ohne H\u00fcrden verlief. Menschen im Servir Die meisten Freundinnen und Freunde des [&hellip;]<\/p>\n","protected":false},"author":8,"featured_media":0,"comment_status":"closed","ping_status":"closed","sticky":false,"template":"","format":"standard","meta":{"ngg_post_thumbnail":0,"footnotes":""},"categories":[11],"tags":[68,69,71,67,30,56,62,40,66,70],"_links":{"self":[{"href":"https:\/\/servir.de\/index.php?rest_route=\/wp\/v2\/posts\/2517"}],"collection":[{"href":"https:\/\/servir.de\/index.php?rest_route=\/wp\/v2\/posts"}],"about":[{"href":"https:\/\/servir.de\/index.php?rest_route=\/wp\/v2\/types\/post"}],"author":[{"embeddable":true,"href":"https:\/\/servir.de\/index.php?rest_route=\/wp\/v2\/users\/8"}],"replies":[{"embeddable":true,"href":"https:\/\/servir.de\/index.php?rest_route=%2Fwp%2Fv2%2Fcomments&post=2517"}],"version-history":[{"count":13,"href":"https:\/\/servir.de\/index.php?rest_route=\/wp\/v2\/posts\/2517\/revisions"}],"predecessor-version":[{"id":2543,"href":"https:\/\/servir.de\/index.php?rest_route=\/wp\/v2\/posts\/2517\/revisions\/2543"}],"wp:attachment":[{"href":"https:\/\/servir.de\/index.php?rest_route=%2Fwp%2Fv2%2Fmedia&parent=2517"}],"wp:term":[{"taxonomy":"category","embeddable":true,"href":"https:\/\/servir.de\/index.php?rest_route=%2Fwp%2Fv2%2Fcategories&post=2517"},{"taxonomy":"post_tag","embeddable":true,"href":"https:\/\/servir.de\/index.php?rest_route=%2Fwp%2Fv2%2Ftags&post=2517"}],"curies":[{"name":"wp","href":"https:\/\/api.w.org\/{rel}","templated":true}]}}